{"id":23519,"date":"2024-06-12T11:22:08","date_gmt":"2024-06-12T04:22:08","guid":{"rendered":"https:\/\/digi-texx.com\/chao-don-dai-dien-bo-thong-tin-va-truyen-thong-viet-nam-den-digi-texx-hau-giang\/"},"modified":"2025-02-21T14:23:55","modified_gmt":"2025-02-21T07:23:55","slug":"chao-don-dai-dien-bo-thong-tin-va-truyen-thong-viet-nam-den-digi-texx-hau-giang","status":"publish","type":"post","link":"https:\/\/digi-texx.com\/vi\/tin-tuc\/chao-don-dai-dien-bo-thong-tin-va-truyen-thong-viet-nam-den-digi-texx-hau-giang\/","title":{"rendered":"Ch\u00e0o \u0111\u00f3n \u0110\u1ea1i di\u1ec7n B\u1ed9 Th\u00f4ng tin v\u00e0 Truy\u1ec1n th\u00f4ng Vi\u1ec7t Nam \u0111\u1ebfn DIGI-TEXX H\u1eadu Giang"},"content":{"rendered":"\n<p><em>V\u00e0o ng\u00e0y 23 th\u00e1ng 5 n\u0103m 2024, DIGI-TEXX vinh d\u1ef1 \u0111\u00f3n ti\u1ebfp \u00f4ng Nguy\u1ec5n Thi\u00ean Ngh\u0129a &#8211; Ph\u00f3 Gi\u00e1m \u0111\u1ed1c C\u1ee5c C\u00f4ng nghi\u1ec7p C\u00f4ng ngh\u1ec7 Th\u00f4ng tin v\u00e0 Truy\u1ec1n th\u00f4ng (AICTI), B\u1ed9 Th\u00f4ng tin v\u00e0 Truy\u1ec1n th\u00f4ng (MIC) c\u1ee7a Vi\u1ec7t Nam, t\u1ea1i trung t\u00e2m ho\u1ea1t \u0111\u1ed9ng m\u1edbi c\u1ee7a ch\u00fang t\u00f4i t\u1ea1i<a href=\"https:\/\/isc-vietnam.com\/\" target=\"_blank\" rel=\"noopener\"> Trung t\u00e2m D\u1ecbch v\u1ee5 \u0110\u1ed5i m\u1edbi (ISC) H\u1eadu Giang.<\/a> <\/em><\/p>\n<style>.kb-image22764_ffbba2-c2 .kb-image-has-overlay:after{opacity:0.3;}<\/style>\n<div class=\"wp-block-kadence-image kb-image22764_ffbba2-c2\"><figure class=\"aligncenter size-large\"><img loading=\"lazy\" decoding=\"async\" width=\"1024\" height=\"681\" src=\"https:\/\/digi-texx.com\/wp-content\/uploads\/2024\/06\/Deputy-Director-of-Ministry-of-Information-and-Communications-of-Vietnam-8-1024x681.jpg\" alt=\"Ph\u00f3 Gi\u00e1m \u0111\u1ed1c C\u1ee5c C\u00f4ng nghi\u1ec7p C\u00f4ng ngh\u1ec7 Th\u00f4ng tin v\u00e0 Truy\u1ec1n th\u00f4ng\" class=\"kb-img wp-image-22752\" title=\"\" srcset=\"https:\/\/digi-texx.com\/wp-content\/uploads\/2024\/06\/Deputy-Director-of-Ministry-of-Information-and-Communications-of-Vietnam-8-1024x681.jpg 1024w, https:\/\/digi-texx.com\/wp-content\/uploads\/2024\/06\/Deputy-Director-of-Ministry-of-Information-and-Communications-of-Vietnam-8-300x200.jpg 300w, https:\/\/digi-texx.com\/wp-content\/uploads\/2024\/06\/Deputy-Director-of-Ministry-of-Information-and-Communications-of-Vietnam-8-768x511.jpg 768w, https:\/\/digi-texx.com\/wp-content\/uploads\/2024\/06\/Deputy-Director-of-Ministry-of-Information-and-Communications-of-Vietnam-8-1536x1022.jpg 1536w, https:\/\/digi-texx.com\/wp-content\/uploads\/2024\/06\/Deputy-Director-of-Ministry-of-Information-and-Communications-of-Vietnam-8.jpg 1920w\" sizes=\"auto, (max-width: 1024px) 100vw, 1024px\" \/><figcaption><em>\u00d4ng Nguy\u1ec5n Thi\u00ean Ngh\u0129a (th\u1ee9 ba t\u1eeb tr\u00e1i sang) \u0111ang \u0111\u1ebfn th\u0103m c\u00f4ng tr\u01b0\u1eddng x\u00e2y d\u1ef1ng DIGI-TEXX H\u1eadu Giang t\u1ea1i ISC.<\/em><\/figcaption><\/figure><\/div>\n\n<p>D\u1ef1 ki\u1ebfn s\u1ebd m\u1edf c\u1eeda v\u00e0o th\u00e1ng 6 n\u00e0y (2024), c\u01a1 s\u1edf m\u1edbi n\u00e0y s\u1ebd trao quy\u1ec1n cho ch\u00fang t\u00f4i ti\u1ebfp t\u1ee5c v\u01b0\u1ee3t qu\u00e1 mong \u0111\u1ee3i c\u1ee7a kh\u00e1ch h\u00e0ng v\u00e0 cung c\u1ea5p s\u1ef1 xu\u1ea5t s\u1eafc.<\/p>\n\n<p>\u0110\u1ed9i ng\u0169 chuy\u00ean gia c\u1ee7a ch\u00fang t\u00f4i, c\u00f3 tr\u1ee5 s\u1edf t\u1ea1i Th\u00e0nh ph\u1ed1 H\u1ed3 Ch\u00ed Minh, s\u1ebd chia s\u1ebb k\u1ef9 n\u0103ng v\u00e0 kinh nghi\u1ec7m c\u1ee7a h\u1ecd trong vi\u1ec7c cung c\u1ea5p c\u00e1c d\u1ecbch v\u1ee5 CNTT ch\u1ea5t l\u01b0\u1ee3ng cao cho kh\u00e1ch h\u00e0ng qu\u1ed1c t\u1ebf. Vi\u1ec7c c n\u00e0y s\u1ebd gi\u00fap t\u1ea1o ra m\u1ed9t l\u1ef1c l\u01b0\u1ee3ng lao \u0111\u1ed9ng CNTT c\u00f3 k\u1ef9 n\u0103ng cao, th\u00fac \u0111\u1ea9y s\u1ef1 ph\u00e1t tri\u1ec3n c\u00f4ng ngh\u1ec7 c\u1ee7a khu v\u1ef1c, thu h\u00fat m\u1ed9t l\u1ef1c l\u01b0\u1ee3ng lao \u0111\u1ed9ng t\u00e0i n\u0103ng h\u01a1n v\u00e0 h\u00ecnh th\u00e0nh m\u1ed9t trung t\u00e2m CNTT t\u1ea1i H\u1eadu Giang v\u00e0 \u0110\u1ed3ng B\u1eb1ng S\u00f4ng C\u1eedu Long <\/p>\n\n<p>DIGI-TEXX H\u1eadu Giang c\u00f3 kh\u1ea3 n\u0103ng l\u00ean \u0111\u1ebfn 850 nh\u00e2n vi\u00ean, cho ph\u00e9p c\u00f4ng ty \u0111\u00e1p \u1ee9ng nhu c\u1ea7u thay \u0111\u1ed5i c\u1ee7a kh\u00e1ch h\u00e0ng to\u00e0n c\u1ea7u trong th\u1eddi gian cao \u0111i\u1ec3m.<\/p>\n\n<h2 class=\"gb-headline gb-headline-f5805f8b gb-headline-text\"><span class=\"ez-toc-section\" id=\"Cam_Ket_Voi_Boi_Canh_Nganh_ITO_BPO_Tai_Viet_Nam\"><\/span><strong>Cam K\u1ebft V\u1edbi B\u1ed1i C\u1ea3nh Ng\u00e0nh ITO &nbsp; BPO T\u1ea1i Vi\u1ec7t Nam<\/strong><span class=\"ez-toc-section-end\"><\/span><\/h2>\n\n<p>DIGI-TEXX cam k\u1ebft \u0111\u00f3ng m\u1ed9t vai tr\u00f2 h\u00e0ng \u0111\u1ea7u trong s\u1ef1 ph\u00e1t tri\u1ec3n c\u1ee7a b\u1ed1i c\u1ea3nh BPO c\u1ee7a Vi\u1ec7t Nam. Trung t\u00e2m ho\u1ea1t \u0111\u1ed9ng c\u1ee7a ch\u00fang t\u00f4i t\u1ea1i H\u1eadu Giang l\u00e0 minh ch\u1ee9ng cho cam k\u1ebft n\u00e0y. Ch\u00fang t\u00f4i tin v\u00e0o ti\u1ec1m n\u0103ng to l\u1edbn c\u1ee7a t\u00e0i n\u0103ng Vi\u1ec7t Nam v\u00e0 h\u01b0\u1edbng t\u1edbi trao quy\u1ec1n cho l\u1ef1c l\u01b0\u1ee3ng lao \u0111\u1ed9ng c\u1ee7a ch\u00fang t\u00f4i v\u1edbi c\u00e1c c\u00f4ng ngh\u1ec7 v\u00e0 \u0111\u00e0o t\u1ea1o m\u1edbi nh\u1ea5t.  <\/p>\n\n<p>Ch\u00fang t\u00f4i r\u1ea5t vui m\u1eebng \u0111\u01b0\u1ee3c t\u1eadn d\u1ee5ng kh\u1ea3 n\u0103ng c\u1ee7a trung t\u00e2m ho\u1ea1t \u0111\u1ed9ng H\u1eadu Giang c\u1ee7a ch\u00fang t\u00f4i \u0111\u1ec3 ph\u1ee5c v\u1ee5 kh\u00e1ch h\u00e0ng qu\u1ed1c t\u1ebf c\u1ee7a ch\u00fang t\u00f4i m\u1ed9t c\u00e1ch hi\u1ec7u qu\u1ea3. Chuy\u1ebfn th\u0103m c\u1ee7a Ph\u00f3 Gi\u00e1m \u0111\u1ed1c MIC l\u00e0 m\u1ed9t b\u01b0\u1edbc ti\u1ebfn v\u00e0 ch\u00fang t\u00f4i mong mu\u1ed1n h\u1ee3p t\u00e1c h\u01a1n n\u1eefa v\u1edbi ch\u00ednh ph\u1ee7 \u0111\u1ec3 n\u00e2ng cao c\u00e1c ng\u00e0nh c\u00f4ng nghi\u1ec7p ITO  BPO c\u1ee7a Vi\u1ec7t Nam l\u00ean nh\u1eefng t\u1ea7m cao m\u1edbi. <\/p>\n<div class=\"gb-container gb-container-c203ca10\">\n\n<h2 class=\"gb-headline gb-headline-ec22234d gb-headline-text\"><span class=\"ez-toc-section\" id=\"Ve_DIGI-TEXX_Hau_Giang\"><\/span><strong>V\u1ec1 DIGI-TEXX H\u1eadu Giang&nbsp;<\/strong><span class=\"ez-toc-section-end\"><\/span><\/h2>\n\n\n\n<p>DIGI-TEXX H\u1eadu Giang n\u1eb1m b\u00ean trong Trung t\u00e2m D\u1ecbch v\u1ee5 \u0110\u1ed5i m\u1edbi (ISC) c\u1ee7a H\u1eadu Giang, l\u00e0 c\u00f4ng vi\u00ean CNTT \u0111\u1ea7u ti\u00ean c\u1ee7a t\u1ec9nh. Trung t\u00e2m ho\u1ea1t \u0111\u1ed9ng m\u1edbi c\u1ee7a ch\u00fang t\u00f4i, tr\u1ea3i r\u1ed9ng tr\u00ean 1.700 m\u00e9t vu\u00f4ng, \u0111\u01b0\u1ee3c trang b\u1ecb c\u00e1c c\u00f4ng ngh\u1ec7 ti\u00ean ti\u1ebfn, bao g\u1ed3m c\u00e1c ngu\u1ed3n n\u0103ng l\u01b0\u1ee3ng t\u00e1i t\u1ea1o, h\u1ec7 th\u1ed1ng l\u1ecdc n\u01b0\u1edbc ti\u00ean ti\u1ebfn v\u00e0 h\u1ec7 th\u1ed1ng KNX \u0111\u1ec3 \u0111\u1ea3m b\u1ea3o ho\u1ea1t \u0111\u1ed9ng li\u1ec1n m\u1ea1ch v\u00e0 cung c\u1ea5p ch\u1ea5t l\u01b0\u1ee3ng d\u1ecbch v\u1ee5 cao nh\u1ea5t cho kh\u00e1ch h\u00e0ng qu\u1ed1c t\u1ebf c\u1ee7a ch\u00fang t\u00f4i.  <\/p>\n\n\n\n<p>D\u1ef1 ki\u1ebfn s\u1ebd \u0111i v\u00e0o ho\u1ea1t \u0111\u1ed9ng v\u00e0o th\u00e1ng 6 n\u00e0y (2024), c\u01a1 s\u1edf m\u1edbi n\u00e0y s\u1ebd trao quy\u1ec1n cho ch\u00fang t\u00f4i ti\u1ebfp t\u1ee5c v\u01b0\u1ee3t qu\u00e1 mong \u0111\u1ee3i c\u1ee7a kh\u00e1ch h\u00e0ng v\u00e0 cung c\u1ea5p s\u1ef1 xu\u1ea5t s\u1eafc.<\/p>\n\n<\/div><style>.wp-block-kadence-advancedgallery .kb-gallery-type-masonry.kb-gallery-id-22764_eb5b87-69{margin:-5px;}.kb-gallery-type-masonry.kb-gallery-id-22764_eb5b87-69 .kadence-blocks-gallery-item{padding:5px;}.kb-gallery-id-22764_eb5b87-69 .kadence-blocks-gallery-item .kb-gal-image-radius, .kb-gallery-id-22764_eb5b87-69 .kb-slide-item .kb-gal-image-radius img{border-radius:0px 0px 0px 0px;;}<\/style><div class=\"kb-gallery-wrap-id-22764_eb5b87-69 alignnone wp-block-kadence-advancedgallery\"><ul class=\"kb-gallery-ul kb-gallery-non-static kb-gallery-type-masonry kb-masonry-init kb-gallery-id-22764_eb5b87-69 kb-gallery-caption-style-bottom-hover kb-gallery-filter-none\" data-image-filter=\"none\" data-item-selector=\".kadence-blocks-gallery-item\" data-lightbox-caption=\"true\" data-columns-xxl=\"1\" data-columns-xl=\"1\" data-columns-md=\"1\" data-columns-sm=\"1\" data-columns-xs=\"1\" data-columns-ss=\"1\"><li class=\"kadence-blocks-gallery-item\"><div class=\"kadence-blocks-gallery-item-inner\"><figure class=\"kb-gallery-figure kadence-blocks-gallery-item-hide-caption\"><div class=\"kb-gal-image-radius\" style=\"max-width:1024px;\"><div class=\"kb-gallery-image-contain kadence-blocks-gallery-intrinsic\" style=\"padding-bottom:66%;\"><img loading=\"lazy\" decoding=\"async\" src=\"https:\/\/digi-texx.com\/wp-content\/uploads\/2024\/06\/Deputy-Director-of-Ministry-of-Information-and-Communications-of-Vietnam-9-1024x681.jpg\" width=\"1024\" height=\"681\" alt=\"Deputy Director of Ministry of Information and Communications of Vietnam 8\" data-full-image=\"https:\/\/digi-texx.com\/wp-content\/uploads\/2024\/06\/Deputy-Director-of-Ministry-of-Information-and-Communications-of-Vietnam-9.jpg\" data-light-image=\"https:\/\/digi-texx.com\/wp-content\/uploads\/2024\/06\/Deputy-Director-of-Ministry-of-Information-and-Communications-of-Vietnam-9.jpg\" data-id=\"22756\" class=\"wp-image-22756\" title=\"\" srcset=\"https:\/\/digi-texx.com\/wp-content\/uploads\/2024\/06\/Deputy-Director-of-Ministry-of-Information-and-Communications-of-Vietnam-9-1024x681.jpg 1024w, https:\/\/digi-texx.com\/wp-content\/uploads\/2024\/06\/Deputy-Director-of-Ministry-of-Information-and-Communications-of-Vietnam-9-300x200.jpg 300w, https:\/\/digi-texx.com\/wp-content\/uploads\/2024\/06\/Deputy-Director-of-Ministry-of-Information-and-Communications-of-Vietnam-9-768x511.jpg 768w, https:\/\/digi-texx.com\/wp-content\/uploads\/2024\/06\/Deputy-Director-of-Ministry-of-Information-and-Communications-of-Vietnam-9-1536x1022.jpg 1536w, https:\/\/digi-texx.com\/wp-content\/uploads\/2024\/06\/Deputy-Director-of-Ministry-of-Information-and-Communications-of-Vietnam-9.jpg 1920w\" sizes=\"auto, (max-width: 1024px) 100vw, 1024px\" \/><\/div><\/div><\/figure><\/div><\/li><li class=\"kadence-blocks-gallery-item\"><div class=\"kadence-blocks-gallery-item-inner\"><figure class=\"kb-gallery-figure kadence-blocks-gallery-item-hide-caption\"><div class=\"kb-gal-image-radius\" style=\"max-width:1024px;\"><div class=\"kb-gallery-image-contain kadence-blocks-gallery-intrinsic\" style=\"padding-bottom:66%;\"><img loading=\"lazy\" decoding=\"async\" src=\"https:\/\/digi-texx.com\/wp-content\/uploads\/2024\/06\/Deputy-Director-of-Ministry-of-Information-and-Communications-of-Vietnam-7-1024x681.jpg\" width=\"1024\" height=\"681\" alt=\"Deputy Director of Ministry of Information and Communications of Vietnam 8\" data-full-image=\"https:\/\/digi-texx.com\/wp-content\/uploads\/2024\/06\/Deputy-Director-of-Ministry-of-Information-and-Communications-of-Vietnam-7.jpg\" data-light-image=\"https:\/\/digi-texx.com\/wp-content\/uploads\/2024\/06\/Deputy-Director-of-Ministry-of-Information-and-Communications-of-Vietnam-7.jpg\" data-id=\"22748\" class=\"wp-image-22748\" title=\"\" srcset=\"https:\/\/digi-texx.com\/wp-content\/uploads\/2024\/06\/Deputy-Director-of-Ministry-of-Information-and-Communications-of-Vietnam-7-1024x681.jpg 1024w, https:\/\/digi-texx.com\/wp-content\/uploads\/2024\/06\/Deputy-Director-of-Ministry-of-Information-and-Communications-of-Vietnam-7-300x200.jpg 300w, https:\/\/digi-texx.com\/wp-content\/uploads\/2024\/06\/Deputy-Director-of-Ministry-of-Information-and-Communications-of-Vietnam-7-768x511.jpg 768w, https:\/\/digi-texx.com\/wp-content\/uploads\/2024\/06\/Deputy-Director-of-Ministry-of-Information-and-Communications-of-Vietnam-7-1536x1022.jpg 1536w, https:\/\/digi-texx.com\/wp-content\/uploads\/2024\/06\/Deputy-Director-of-Ministry-of-Information-and-Communications-of-Vietnam-7.jpg 1920w\" sizes=\"auto, (max-width: 1024px) 100vw, 1024px\" \/><\/div><\/div><\/figure><\/div><\/li><li class=\"kadence-blocks-gallery-item\"><div class=\"kadence-blocks-gallery-item-inner\"><figure class=\"kb-gallery-figure kadence-blocks-gallery-item-hide-caption\"><div class=\"kb-gal-image-radius\" style=\"max-width:1024px;\"><div class=\"kb-gallery-image-contain kadence-blocks-gallery-intrinsic\" style=\"padding-bottom:66%;\"><img loading=\"lazy\" decoding=\"async\" src=\"https:\/\/digi-texx.com\/wp-content\/uploads\/2024\/06\/Deputy-Director-of-Ministry-of-Information-and-Communications-of-Vietnam-4-1024x681.jpg\" width=\"1024\" height=\"681\" alt=\"Deputy Director of Ministry of Information and Communications of Vietnam 8\" data-full-image=\"https:\/\/digi-texx.com\/wp-content\/uploads\/2024\/06\/Deputy-Director-of-Ministry-of-Information-and-Communications-of-Vietnam-4.jpg\" data-light-image=\"https:\/\/digi-texx.com\/wp-content\/uploads\/2024\/06\/Deputy-Director-of-Ministry-of-Information-and-Communications-of-Vietnam-4.jpg\" data-id=\"22736\" class=\"wp-image-22736\" title=\"\" srcset=\"https:\/\/digi-texx.com\/wp-content\/uploads\/2024\/06\/Deputy-Director-of-Ministry-of-Information-and-Communications-of-Vietnam-4-1024x681.jpg 1024w, https:\/\/digi-texx.com\/wp-content\/uploads\/2024\/06\/Deputy-Director-of-Ministry-of-Information-and-Communications-of-Vietnam-4-300x200.jpg 300w, https:\/\/digi-texx.com\/wp-content\/uploads\/2024\/06\/Deputy-Director-of-Ministry-of-Information-and-Communications-of-Vietnam-4-768x511.jpg 768w, https:\/\/digi-texx.com\/wp-content\/uploads\/2024\/06\/Deputy-Director-of-Ministry-of-Information-and-Communications-of-Vietnam-4-1536x1022.jpg 1536w, https:\/\/digi-texx.com\/wp-content\/uploads\/2024\/06\/Deputy-Director-of-Ministry-of-Information-and-Communications-of-Vietnam-4.jpg 1920w\" sizes=\"auto, (max-width: 1024px) 100vw, 1024px\" \/><\/div><\/div><\/figure><\/div><\/li><li class=\"kadence-blocks-gallery-item\"><div class=\"kadence-blocks-gallery-item-inner\"><figure class=\"kb-gallery-figure kadence-blocks-gallery-item-hide-caption\"><div class=\"kb-gal-image-radius\" style=\"max-width:1024px;\"><div class=\"kb-gallery-image-contain kadence-blocks-gallery-intrinsic\" style=\"padding-bottom:66%;\"><img loading=\"lazy\" decoding=\"async\" src=\"https:\/\/digi-texx.com\/wp-content\/uploads\/2024\/06\/Deputy-Director-of-Ministry-of-Information-and-Communications-of-Vietnam-3-1024x681.jpg\" width=\"1024\" height=\"681\" alt=\"Deputy Director of Ministry of Information and Communications of Vietnam 8\" data-full-image=\"https:\/\/digi-texx.com\/wp-content\/uploads\/2024\/06\/Deputy-Director-of-Ministry-of-Information-and-Communications-of-Vietnam-3.jpg\" data-light-image=\"https:\/\/digi-texx.com\/wp-content\/uploads\/2024\/06\/Deputy-Director-of-Ministry-of-Information-and-Communications-of-Vietnam-3.jpg\" data-id=\"22732\" class=\"wp-image-22732\" title=\"\" srcset=\"https:\/\/digi-texx.com\/wp-content\/uploads\/2024\/06\/Deputy-Director-of-Ministry-of-Information-and-Communications-of-Vietnam-3-1024x681.jpg 1024w, https:\/\/digi-texx.com\/wp-content\/uploads\/2024\/06\/Deputy-Director-of-Ministry-of-Information-and-Communications-of-Vietnam-3-300x200.jpg 300w, https:\/\/digi-texx.com\/wp-content\/uploads\/2024\/06\/Deputy-Director-of-Ministry-of-Information-and-Communications-of-Vietnam-3-768x511.jpg 768w, https:\/\/digi-texx.com\/wp-content\/uploads\/2024\/06\/Deputy-Director-of-Ministry-of-Information-and-Communications-of-Vietnam-3-1536x1022.jpg 1536w, https:\/\/digi-texx.com\/wp-content\/uploads\/2024\/06\/Deputy-Director-of-Ministry-of-Information-and-Communications-of-Vietnam-3.jpg 1920w\" sizes=\"auto, (max-width: 1024px) 100vw, 1024px\" \/><\/div><\/div><\/figure><\/div><\/li><li class=\"kadence-blocks-gallery-item\"><div class=\"kadence-blocks-gallery-item-inner\"><figure class=\"kb-gallery-figure kadence-blocks-gallery-item-hide-caption\"><div class=\"kb-gal-image-radius\" style=\"max-width:1024px;\"><div class=\"kb-gallery-image-contain kadence-blocks-gallery-intrinsic\" style=\"padding-bottom:66%;\"><img loading=\"lazy\" decoding=\"async\" src=\"https:\/\/digi-texx.com\/wp-content\/uploads\/2024\/06\/Deputy-Director-of-Ministry-of-Information-and-Communications-of-Vietnam-1-1024x681.jpg\" width=\"1024\" height=\"681\" alt=\"Deputy Director of Ministry of Information and Communications of Vietnam 8\" data-full-image=\"https:\/\/digi-texx.com\/wp-content\/uploads\/2024\/06\/Deputy-Director-of-Ministry-of-Information-and-Communications-of-Vietnam-1.jpg\" data-light-image=\"https:\/\/digi-texx.com\/wp-content\/uploads\/2024\/06\/Deputy-Director-of-Ministry-of-Information-and-Communications-of-Vietnam-1.jpg\" data-id=\"22724\" class=\"wp-image-22724\" title=\"\" srcset=\"https:\/\/digi-texx.com\/wp-content\/uploads\/2024\/06\/Deputy-Director-of-Ministry-of-Information-and-Communications-of-Vietnam-1-1024x681.jpg 1024w, https:\/\/digi-texx.com\/wp-content\/uploads\/2024\/06\/Deputy-Director-of-Ministry-of-Information-and-Communications-of-Vietnam-1-300x200.jpg 300w, https:\/\/digi-texx.com\/wp-content\/uploads\/2024\/06\/Deputy-Director-of-Ministry-of-Information-and-Communications-of-Vietnam-1-768x511.jpg 768w, https:\/\/digi-texx.com\/wp-content\/uploads\/2024\/06\/Deputy-Director-of-Ministry-of-Information-and-Communications-of-Vietnam-1-1536x1022.jpg 1536w, https:\/\/digi-texx.com\/wp-content\/uploads\/2024\/06\/Deputy-Director-of-Ministry-of-Information-and-Communications-of-Vietnam-1.jpg 1920w\" sizes=\"auto, (max-width: 1024px) 100vw, 1024px\" \/><\/div><\/div><\/figure><\/div><\/li><li class=\"kadence-blocks-gallery-item\"><div class=\"kadence-blocks-gallery-item-inner\"><figure class=\"kb-gallery-figure kadence-blocks-gallery-item-hide-caption\"><div class=\"kb-gal-image-radius\" style=\"max-width:1024px;\"><div class=\"kb-gallery-image-contain kadence-blocks-gallery-intrinsic\" style=\"padding-bottom:66%;\"><img loading=\"lazy\" decoding=\"async\" src=\"https:\/\/digi-texx.com\/wp-content\/uploads\/2024\/06\/Deputy-Director-of-Ministry-of-Information-and-Communications-of-Vietnam-2-1024x681.jpg\" width=\"1024\" height=\"681\" alt=\"Deputy Director of Ministry of Information and Communications of Vietnam 8\" data-full-image=\"https:\/\/digi-texx.com\/wp-content\/uploads\/2024\/06\/Deputy-Director-of-Ministry-of-Information-and-Communications-of-Vietnam-2.jpg\" data-light-image=\"https:\/\/digi-texx.com\/wp-content\/uploads\/2024\/06\/Deputy-Director-of-Ministry-of-Information-and-Communications-of-Vietnam-2.jpg\" data-id=\"22728\" class=\"wp-image-22728\" title=\"\" srcset=\"https:\/\/digi-texx.com\/wp-content\/uploads\/2024\/06\/Deputy-Director-of-Ministry-of-Information-and-Communications-of-Vietnam-2-1024x681.jpg 1024w, https:\/\/digi-texx.com\/wp-content\/uploads\/2024\/06\/Deputy-Director-of-Ministry-of-Information-and-Communications-of-Vietnam-2-300x200.jpg 300w, https:\/\/digi-texx.com\/wp-content\/uploads\/2024\/06\/Deputy-Director-of-Ministry-of-Information-and-Communications-of-Vietnam-2-768x511.jpg 768w, https:\/\/digi-texx.com\/wp-content\/uploads\/2024\/06\/Deputy-Director-of-Ministry-of-Information-and-Communications-of-Vietnam-2-1536x1022.jpg 1536w, https:\/\/digi-texx.com\/wp-content\/uploads\/2024\/06\/Deputy-Director-of-Ministry-of-Information-and-Communications-of-Vietnam-2.jpg 1920w\" sizes=\"auto, (max-width: 1024px) 100vw, 1024px\" \/><\/div><\/div><\/figure><\/div><\/li><li class=\"kadence-blocks-gallery-item\"><div class=\"kadence-blocks-gallery-item-inner\"><figure class=\"kb-gallery-figure kadence-blocks-gallery-item-hide-caption\"><div class=\"kb-gal-image-radius\" style=\"max-width:1024px;\"><div class=\"kb-gallery-image-contain kadence-blocks-gallery-intrinsic\" style=\"padding-bottom:66%;\"><img loading=\"lazy\" decoding=\"async\" src=\"https:\/\/digi-texx.com\/wp-content\/uploads\/2024\/06\/Deputy-Director-of-Ministry-of-Information-and-Communications-of-Vietnam-1024x681.jpg\" width=\"1024\" height=\"681\" alt=\"Deputy Director of Ministry of Information and Communications of Vietnam 8\" data-full-image=\"https:\/\/digi-texx.com\/wp-content\/uploads\/2024\/06\/Deputy-Director-of-Ministry-of-Information-and-Communications-of-Vietnam.jpg\" data-light-image=\"https:\/\/digi-texx.com\/wp-content\/uploads\/2024\/06\/Deputy-Director-of-Ministry-of-Information-and-Communications-of-Vietnam.jpg\" data-id=\"22720\" class=\"wp-image-22720\" title=\"\" srcset=\"https:\/\/digi-texx.com\/wp-content\/uploads\/2024\/06\/Deputy-Director-of-Ministry-of-Information-and-Communications-of-Vietnam-1024x681.jpg 1024w, https:\/\/digi-texx.com\/wp-content\/uploads\/2024\/06\/Deputy-Director-of-Ministry-of-Information-and-Communications-of-Vietnam-300x200.jpg 300w, https:\/\/digi-texx.com\/wp-content\/uploads\/2024\/06\/Deputy-Director-of-Ministry-of-Information-and-Communications-of-Vietnam-768x511.jpg 768w, https:\/\/digi-texx.com\/wp-content\/uploads\/2024\/06\/Deputy-Director-of-Ministry-of-Information-and-Communications-of-Vietnam-1536x1022.jpg 1536w, https:\/\/digi-texx.com\/wp-content\/uploads\/2024\/06\/Deputy-Director-of-Ministry-of-Information-and-Communications-of-Vietnam.jpg 1920w\" sizes=\"auto, (max-width: 1024px) 100vw, 1024px\" \/><\/div><\/div><\/figure><\/div><\/li><\/ul><\/div>","protected":false},"excerpt":{"rendered":"<p>V\u00e0o ng\u00e0y 23 th\u00e1ng 5 n\u0103m 2024, DIGI-TEXX vinh d\u1ef1 \u0111\u00f3n ti\u1ebfp \u00f4ng Nguy\u1ec5n Thi\u00ean Ngh\u0129a &#8211; Ph\u00f3 Gi\u00e1m \u0111\u1ed1c C\u1ee5c C\u00f4ng nghi\u1ec7p C\u00f4ng ngh\u1ec7 &#8230; <\/p>\n<p class=\"read-more-container\"><a title=\"Ch\u00e0o \u0111\u00f3n \u0110\u1ea1i di\u1ec7n B\u1ed9 Th\u00f4ng tin v\u00e0 Truy\u1ec1n th\u00f4ng Vi\u1ec7t Nam \u0111\u1ebfn DIGI-TEXX H\u1eadu Giang\" class=\"read-more button\" href=\"https:\/\/digi-texx.com\/vi\/tin-tuc\/chao-don-dai-dien-bo-thong-tin-va-truyen-thong-viet-nam-den-digi-texx-hau-giang\/#more-23519\" aria-label=\"Read more about Ch\u00e0o \u0111\u00f3n \u0110\u1ea1i di\u1ec7n B\u1ed9 Th\u00f4ng tin v\u00e0 Truy\u1ec1n th\u00f4ng Vi\u1ec7t Nam \u0111\u1ebfn DIGI-TEXX H\u1eadu Giang\">Read More<\/a><\/p>\n","protected":false},"author":3,"featured_media":22763,"comment_status":"closed","ping_status":"closed","sticky":false,"template":"","format":"standard","meta":{"_acf_changed":false,"footnotes":""},"categories":[47,46],"tags":[],"class_list":["post-23519","post","type-post","status-publish","format-standard","has-post-thumbnail","hentry","category-su-kien","category-tin-tuc","generate-columns","tablet-grid-50","mobile-grid-100","grid-parent","grid-33"],"acf":[],"_links":{"self":[{"href":"https:\/\/digi-texx.com\/vi\/wp-json\/wp\/v2\/posts\/23519","targetHints":{"allow":["GET"]}}],"collection":[{"href":"https:\/\/digi-texx.com\/vi\/wp-json\/wp\/v2\/posts"}],"about":[{"href":"https:\/\/digi-texx.com\/vi\/wp-json\/wp\/v2\/types\/post"}],"author":[{"embeddable":true,"href":"https:\/\/digi-texx.com\/vi\/wp-json\/wp\/v2\/users\/3"}],"replies":[{"embeddable":true,"href":"https:\/\/digi-texx.com\/vi\/wp-json\/wp\/v2\/comments?post=23519"}],"version-history":[{"count":0,"href":"https:\/\/digi-texx.com\/vi\/wp-json\/wp\/v2\/posts\/23519\/revisions"}],"wp:featuredmedia":[{"embeddable":true,"href":"https:\/\/digi-texx.com\/vi\/wp-json\/wp\/v2\/media\/22763"}],"wp:attachment":[{"href":"https:\/\/digi-texx.com\/vi\/wp-json\/wp\/v2\/media?parent=23519"}],"wp:term":[{"taxonomy":"category","embeddable":true,"href":"https:\/\/digi-texx.com\/vi\/wp-json\/wp\/v2\/categories?post=23519"},{"taxonomy":"post_tag","embeddable":true,"href":"https:\/\/digi-texx.com\/vi\/wp-json\/wp\/v2\/tags?post=23519"}],"curies":[{"name":"wp","href":"https:\/\/api.w.org\/{rel}","templated":true}]}}